{"id":413,"date":"2015-11-18T18:38:20","date_gmt":"2015-11-18T17:38:20","guid":{"rendered":"http:\/\/moselle-triathlon.fr\/?p=413"},"modified":"2016-01-07T22:37:20","modified_gmt":"2016-01-07T21:37:20","slug":"appel-a-projets-2016-allez-les-filles","status":"publish","type":"post","link":"https:\/\/moselle-triathlon.fr\/index.php\/2015\/11\/18\/appel-a-projets-2016-allez-les-filles\/","title":{"rendered":"Appel \u00e0 projets 2016  \u00ab\u00a0Allez les filles !\u00a0\u00bb"},"content":{"rendered":"<p style=\"text-align: justify;\" align=\"center\">La F<a href=\"http:\/\/www.fondationdefrance.org\/article\/allez-les-filles\"><img loading=\"lazy\" decoding=\"async\" class=\"alignright wp-image-414 \" src=\"http:\/\/moselle-triathlon.fr\/wp-content\/uploads\/2015\/11\/Capture.jpg\" alt=\"\" width=\"202\" height=\"164\" srcset=\"https:\/\/moselle-triathlon.fr\/wp-content\/uploads\/2015\/11\/Capture.jpg 370w, https:\/\/moselle-triathlon.fr\/wp-content\/uploads\/2015\/11\/Capture-300x243.jpg 300w\" sizes=\"auto, (max-width: 202px) 100vw, 202px\" \/><\/a>ondation de France reconduit pour l&rsquo;ann\u00e9e 2016 son appel \u00e0 projets intitul\u00e9 \u00ab\u00a0<b>ALLEZ LES FILLES !\u00a0\u00bb<\/b><\/p>\n<p style=\"text-align: justify;\">A travers cet appel \u00e0 projets, la Fondation de France entend soutenir des initiatives concernant les jeunes femmes\u00a0de 12 \u00e0 25 ans issues des quartiers populaires ou ruraux isol\u00e9s, qui ont pour objectif de favoriser leur acc\u00e8s \u00e0 une pratique sportive r\u00e9guli\u00e8re et hebdomadaire.<br \/>\nLa Fondation de France privil\u00e9giera cette\u00a0ann\u00e9e les projets pluri-annuels.<u><\/u><u><\/u><\/p>\n<p style=\"text-align: justify;\">Vous trouverez la plaquette de pr\u00e9sentation de l&rsquo;appel \u00e0 projets ainsi que le dossier de demande de subvention \u00e0 t\u00e9l\u00e9charger en cliquant sur le <a href=\"http:\/\/www.fondationdefrance.org\/article\/allez-les-filles\" target=\"_blank\">site de la Fondation de France<\/a>.<u><\/u><\/p>\n<p style=\"text-align: justify;\" align=\"center\">ATTENTION: Date limite de r\u00e9ception des dossiers :\u00a0<strong>20 janvier 2016\u00a0<\/strong><\/p>\n","protected":false},"excerpt":{"rendered":"<p>La Fondation de France reconduit pour l&rsquo;ann\u00e9e 2016 son appel \u00e0 projets intitul\u00e9 \u00ab\u00a0ALLEZ LES FILLES !\u00a0\u00bb A travers cet appel \u00e0 projets, la Fondation de France entend soutenir des initiatives concernant les jeunes femmes\u00a0de 12 \u00e0 25 ans issues des quartiers populaires ou ruraux isol\u00e9s, qui ont pour objectif de favoriser leur acc\u00e8s \u00e0 [&hellip;]<\/p>\n","protected":false},"author":4,"featured_media":414,"comment_status":"open","ping_status":"open","sticky":false,"template":"","format":"standard","meta":{"footnotes":""},"categories":[3,30,7],"tags":[],"class_list":["post-413","post","type-post","status-publish","format-standard","has-post-thumbnail","hentry","category-actions-developpement","category-appels-a-projets","category-stages-animations-feminin"],"blocksy_meta":[],"_links":{"self":[{"href":"https:\/\/moselle-triathlon.fr\/index.php\/wp-json\/wp\/v2\/posts\/413","targetHints":{"allow":["GET"]}}],"collection":[{"href":"https:\/\/moselle-triathlon.fr\/index.php\/wp-json\/wp\/v2\/posts"}],"about":[{"href":"https:\/\/moselle-triathlon.fr\/index.php\/wp-json\/wp\/v2\/types\/post"}],"author":[{"embeddable":true,"href":"https:\/\/moselle-triathlon.fr\/index.php\/wp-json\/wp\/v2\/users\/4"}],"replies":[{"embeddable":true,"href":"https:\/\/moselle-triathlon.fr\/index.php\/wp-json\/wp\/v2\/comments?post=413"}],"version-history":[{"count":0,"href":"https:\/\/moselle-triathlon.fr\/index.php\/wp-json\/wp\/v2\/posts\/413\/revisions"}],"wp:featuredmedia":[{"embeddable":true,"href":"https:\/\/moselle-triathlon.fr\/index.php\/wp-json\/wp\/v2\/media\/414"}],"wp:attachment":[{"href":"https:\/\/moselle-triathlon.fr\/index.php\/wp-json\/wp\/v2\/media?parent=413"}],"wp:term":[{"taxonomy":"category","embeddable":true,"href":"https:\/\/moselle-triathlon.fr\/index.php\/wp-json\/wp\/v2\/categories?post=413"},{"taxonomy":"post_tag","embeddable":true,"href":"https:\/\/moselle-triathlon.fr\/index.php\/wp-json\/wp\/v2\/tags?post=413"}],"curies":[{"name":"wp","href":"https:\/\/api.w.org\/{rel}","templated":true}]}}