{"id":2277,"date":"2019-06-08T12:34:29","date_gmt":"2019-06-08T10:34:29","guid":{"rendered":"https:\/\/moselle-triathlon.fr\/?p=2277"},"modified":"2026-03-17T14:34:08","modified_gmt":"2026-03-17T13:34:08","slug":"triathlon-citoyen-appel-a-projet-2019","status":"publish","type":"post","link":"https:\/\/moselle-triathlon.fr\/index.php\/2019\/06\/08\/triathlon-citoyen-appel-a-projet-2019\/","title":{"rendered":"TRIATHLON CITOYEN &#8211; APPEL A PROJET 2019"},"content":{"rendered":"<p dir=\"ltr\"><img loading=\"lazy\" decoding=\"async\" class=\"aligncenter size-full wp-image-2280\" src=\"https:\/\/moselle-triathlon.fr\/wp-content\/uploads\/2019\/06\/Citoyens-du-sport.png\" alt=\"\" width=\"237\" height=\"213\" \/><\/p>\n<p dir=\"ltr\">Depuis 2016, la F.F.TRI b\u00e9n\u00e9ficie d\u2019un soutien accru de la part du minist\u00e8re des sports, sur les actions citoyennes, dans le cadre des mesures du comit\u00e9 interminist\u00e9riel de l\u2019\u00e9galit\u00e9 et de la citoyennet\u00e9 act\u00e9es par le gouvernement de l\u2019\u00e9poque. Le triathlon, au m\u00eame titre que d\u2019autres disciplines, participe au portage des valeurs citoyennes et permet de resserrer les liens sociaux et de renforcer le mieux vivre ensemble.<\/p>\n<p dir=\"ltr\">Le projet f\u00e9d\u00e9ral 2017-2020 offre la possibilit\u00e9 aux clubs de d\u00e9ployer des actions citoyennes prioritairement vers les jeunes (appel \u00e0 projet, service civique\u2026).<\/p>\n<p dir=\"ltr\">A ce titre, la f\u00e9d\u00e9ration a lanc\u00e9 depuis l\u2019ann\u00e9e 2016, un <strong>appel \u00e0 projet national d\u00e9nomm\u00e9 \u00ab Triathlon Citoyen \u00bb<\/strong>. Le projet \u00ab Triathlon Citoyen \u00bb permet aux <strong>jeunes (6-19 ans)<\/strong> r\u00e9sidant en territoire urbain prioritaire r\u00e9pertori\u00e9 comme <strong>quartier politique de la ville (QPV)<\/strong> de <strong>pratiquer r\u00e9guli\u00e8rement les disciplines encha\u00een\u00e9es<\/strong>. Il cr\u00e9e obligatoirement un <strong>partenariat avec les acteurs du territoire<\/strong> (centre social, de loisirs, association de jeunesse et d\u2019\u00e9ducation populaire, OMS\u2026) afin de faciliter le d\u00e9veloppement.<\/p>\n<p dir=\"ltr\">&#8211;&gt; Retrouver <a href=\"https:\/\/moselle-triathlon.fr\/wp-content\/uploads\/2019\/06\/190528-PEV-Appel-projet-Triathlon-citoyen.pdf\" target=\"_blank\" rel=\"noopener\">ICI<\/a> l\u2019appel \u00e0 projet \u00ab Triathlon citoyen \u00bb pour l\u2019ann\u00e9e 2019.<\/p>\n<p dir=\"ltr\">Attention : <strong>date limite pour r\u00e9pondre \u00e0 l&rsquo;appel \u00e0 projet -&gt; 24 juin 2019<\/strong><\/p>\n","protected":false},"excerpt":{"rendered":"<p>Appel \u00e0 projet 2019 &#8211; \u00ab\u00a0Triathlon citoyen\u00a0\u00bb pour les jeunes 6-19 ans r\u00e9sidant en QPV<\/p>\n","protected":false},"author":4,"featured_media":2280,"comment_status":"open","ping_status":"open","sticky":false,"template":"","format":"standard","meta":{"footnotes":""},"categories":[3,30],"tags":[],"class_list":["post-2277","post","type-post","status-publish","format-standard","has-post-thumbnail","hentry","category-actions-developpement","category-appels-a-projets"],"blocksy_meta":[],"_links":{"self":[{"href":"https:\/\/moselle-triathlon.fr\/index.php\/wp-json\/wp\/v2\/posts\/2277","targetHints":{"allow":["GET"]}}],"collection":[{"href":"https:\/\/moselle-triathlon.fr\/index.php\/wp-json\/wp\/v2\/posts"}],"about":[{"href":"https:\/\/moselle-triathlon.fr\/index.php\/wp-json\/wp\/v2\/types\/post"}],"author":[{"embeddable":true,"href":"https:\/\/moselle-triathlon.fr\/index.php\/wp-json\/wp\/v2\/users\/4"}],"replies":[{"embeddable":true,"href":"https:\/\/moselle-triathlon.fr\/index.php\/wp-json\/wp\/v2\/comments?post=2277"}],"version-history":[{"count":0,"href":"https:\/\/moselle-triathlon.fr\/index.php\/wp-json\/wp\/v2\/posts\/2277\/revisions"}],"wp:featuredmedia":[{"embeddable":true,"href":"https:\/\/moselle-triathlon.fr\/index.php\/wp-json\/wp\/v2\/media\/2280"}],"wp:attachment":[{"href":"https:\/\/moselle-triathlon.fr\/index.php\/wp-json\/wp\/v2\/media?parent=2277"}],"wp:term":[{"taxonomy":"category","embeddable":true,"href":"https:\/\/moselle-triathlon.fr\/index.php\/wp-json\/wp\/v2\/categories?post=2277"},{"taxonomy":"post_tag","embeddable":true,"href":"https:\/\/moselle-triathlon.fr\/index.php\/wp-json\/wp\/v2\/tags?post=2277"}],"curies":[{"name":"wp","href":"https:\/\/api.w.org\/{rel}","templated":true}]}}