{"id":2197,"date":"2019-02-28T19:14:35","date_gmt":"2019-02-28T18:14:35","guid":{"rendered":"https:\/\/moselle-triathlon.fr\/?p=2197"},"modified":"2026-03-19T11:28:48","modified_gmt":"2026-03-19T10:28:48","slug":"formations-a-la-gestion-associative-du-cdos-57-s1-2019","status":"publish","type":"post","link":"https:\/\/moselle-triathlon.fr\/index.php\/2019\/02\/28\/formations-a-la-gestion-associative-du-cdos-57-s1-2019\/","title":{"rendered":"Formations \u00e0 la gestion associative du CDOS 57 S1 2019"},"content":{"rendered":"<p style=\"font-weight: 400;\"><strong><u>A l\u2019attention des dirigeants des associatives sportives de Moselle,<\/u><\/strong><\/p>\n<p style=\"font-weight: 400;\">C\u2019est avec plaisir que nous vous transmettons le programme des formations \u00e0 la gestion associative du CDOS 57 pour le 1<sup>er<\/sup>\u00a0semestre 2019.<\/p>\n<p style=\"font-weight: 400;\">La nouveaut\u00e9 r\u00e9side dans le fait que <strong>le CDOS 57 ouvre\u00a0<\/strong><u><strong>un centre de formation sur Sarreguemines<\/strong>,<\/u>\u00a0situ\u00e9 6 Rue de la cit\u00e9 (sous-sol p\u00e9riscolaire, salle ASSO), en partenariat avec la ville.<\/p>\n<p style=\"font-weight: 400;\">L&rsquo;objectif du CDOS 57 avec ce nouveau centre est de rendre accessible les formations aux b\u00e9n\u00e9voles des clubs qui sont situ\u00e9s en\u00a0<u>Moselle-Est<\/u>\u00a0en diminuant les distances et les temps de trajet entre le club et le lieu de formation.<\/p>\n<p style=\"font-weight: 400;\">Les 12 th\u00e8mes qui composent le\u00a0<strong>Certificat de Formation<\/strong>\u00a0<strong>\u00e0 la Gestion Associative<\/strong>\u00a0(voir plaquette de pr\u00e9sentation jointe) seront donc propos\u00e9s \u00e9galement sur Sarreguemines (sur 24 mois pour l\u2019instant (6 modules\/an) au lieu de 12 mois sur Metz).<\/p>\n<p style=\"font-weight: 400;\"><em>Pour vous inscrire c\u2019est simple, il faut cliquer sur le lien \u00ab\u00a0Je m\u2019inscris\u00a0\u00bb et renseigner le formulaire en ligne.\u00a0<\/em><em>Une confirmation d\u00e9finitive vous sera envoy\u00e9e par le CDOS 57 environ une semaine avant la formation.<\/em><\/p>\n<hr \/>\n<p style=\"font-weight: 400;\"><span style=\"color: #800080;\"><strong><u>Les formations programm\u00e9es au 1<sup>er\u00a0\u00a0<\/sup>trimestre \u00a0:<\/u><\/strong><\/span><\/p>\n<ul>\n<li style=\"font-weight: 400;\"><strong><u>Sur Metz (<b>\u00e0 la Maison des sports, 3, place de la biblioth\u00e8que)<\/b>:<\/u><\/strong><\/li>\n<\/ul>\n<p style=\"font-weight: 400;\"><strong>Organiser un \u00e9v\u00e9nement<\/strong>\u00a0le lundi 17 janvier de 19h00 \u00e0 21h00\u00a0:\u00a0<a href=\"https:\/\/docs.google.com\/forms\/d\/e\/1FAIpQLSdIxv-mJ46caRk5_BeUx7VS56SuhP6Hg_gjHWUpoU5Y7mD-Gw\/viewform\" data-saferedirecturl=\"https:\/\/www.google.com\/url?q=https:\/\/docs.google.com\/forms\/d\/e\/1FAIpQLSdIxv-mJ46caRk5_BeUx7VS56SuhP6Hg_gjHWUpoU5Y7mD-Gw\/viewform&amp;source=gmail&amp;ust=1547387530207000&amp;usg=AFQjCNFB-IyVB16IPTCxGdGDRvySmvg84w\">\u00a0Je m\u2019inscris<\/a><\/p>\n<p style=\"font-weight: 400;\"><strong>La comptabilit\u00e9 niveau 2<\/strong>\u00a0les jeudis 31 janvier et 07 f\u00e9vrier\u00a0de 19h00 \u00e0 21h00 :\u00a0<a href=\"https:\/\/docs.google.com\/forms\/d\/e\/1FAIpQLSdIf6Tj7oLeAf1FHO-6xfqUBPRD_expCdpmVjF8shC8NKGi_w\/viewform\" data-saferedirecturl=\"https:\/\/www.google.com\/url?q=https:\/\/docs.google.com\/forms\/d\/e\/1FAIpQLSdIf6Tj7oLeAf1FHO-6xfqUBPRD_expCdpmVjF8shC8NKGi_w\/viewform&amp;source=gmail&amp;ust=1547387530207000&amp;usg=AFQjCNHn1BzklXxkDuaArHszJ8tdSNJp3w\">Je m\u2019inscris<\/a><\/p>\n<p style=\"font-weight: 400;\"><strong>La communication<\/strong>\u00a0le jeudi 07 mars de 19h00 \u00e0 21h00\u00a0:\u00a0<a href=\"https:\/\/docs.google.com\/forms\/d\/e\/1FAIpQLSfzbJ9ficiPc2gdSpmAL3_sucDDGLzOBGSuwo2JM36lHmm__g\/viewform\" data-saferedirecturl=\"https:\/\/www.google.com\/url?q=https:\/\/docs.google.com\/forms\/d\/e\/1FAIpQLSfzbJ9ficiPc2gdSpmAL3_sucDDGLzOBGSuwo2JM36lHmm__g\/viewform&amp;source=gmail&amp;ust=1547387530207000&amp;usg=AFQjCNFlmw5iSjfNaX8puYLBJAHfq2Vb1w\">Je m\u2019inscris<\/a><\/p>\n<p style=\"font-weight: 400;\"><strong>Recruter des b\u00e9n\u00e9voles\u00a0<\/strong>le jeudi 21 mars de 19h00 \u00e0 21h00\u00a0:\u00a0<a href=\"https:\/\/docs.google.com\/forms\/d\/e\/1FAIpQLSckeIDOpyJg9mor9fxFeFao3v2PKsEcZ8IsZVEC7Y6VK1H_Ng\/viewform\" data-saferedirecturl=\"https:\/\/www.google.com\/url?q=https:\/\/docs.google.com\/forms\/d\/e\/1FAIpQLSckeIDOpyJg9mor9fxFeFao3v2PKsEcZ8IsZVEC7Y6VK1H_Ng\/viewform&amp;source=gmail&amp;ust=1547387530207000&amp;usg=AFQjCNGqxjAKFROpboOY0vBBwEhXRdbrZA\">Je m\u2019inscris<\/a><\/p>\n<ul>\n<li style=\"font-weight: 400;\"><strong><u>Sur Sarreguemines\u00a0(<b>salle ASSO, sous-sol p\u00e9riscolaire, 6 Rue de la cit\u00e9)<\/b>:<\/u><\/strong><\/li>\n<\/ul>\n<p style=\"font-weight: 400;\"><strong>R\u00e9union de pr\u00e9sentation du Certificat de Formation \u00e0 la Gestion Associative\u00a0<\/strong>le lundi 04 f\u00e9vrier de 18h00 \u00e0 19h00<strong>\u00a0:\u00a0<\/strong><a href=\"https:\/\/docs.google.com\/forms\/d\/e\/1FAIpQLSed344RQQKpuCx_KM-59QmO74JoBk0UdcoL31gXItA7AEyRAw\/viewform\" data-saferedirecturl=\"https:\/\/www.google.com\/url?q=https:\/\/docs.google.com\/forms\/d\/e\/1FAIpQLSed344RQQKpuCx_KM-59QmO74JoBk0UdcoL31gXItA7AEyRAw\/viewform&amp;source=gmail&amp;ust=1547387530207000&amp;usg=AFQjCNHCh5KGcxvGogk69LUrnr8AJa6JrQ\">Je m\u2019inscris<\/a><\/p>\n<p style=\"font-weight: 400;\"><strong>Le projet associatif<\/strong>\u00a0le lundi 04 f\u00e9vrier de 19h00 \u00e0 21h00\u00a0:\u00a0<a href=\"https:\/\/docs.google.com\/forms\/d\/e\/1FAIpQLScD2cf0mk9A-PsxT6ZD7LojVJQ159rJWy0CsUQ_jsS6IXCkqg\/viewform\" data-saferedirecturl=\"https:\/\/www.google.com\/url?q=https:\/\/docs.google.com\/forms\/d\/e\/1FAIpQLScD2cf0mk9A-PsxT6ZD7LojVJQ159rJWy0CsUQ_jsS6IXCkqg\/viewform&amp;source=gmail&amp;ust=1547387530207000&amp;usg=AFQjCNGknShGEiB17_eGW5c3XTAJ5Dzb6Q\">Je m\u2019inscris<\/a><\/p>\n<p style=\"font-weight: 400;\"><strong>La connaissance des partenaires institutionnels<\/strong>\u00a0les lundis 11 mars et 01 avril de 19h00 \u00e0 21h00\u00a0:\u00a0\u00a0<a href=\"https:\/\/docs.google.com\/forms\/d\/e\/1FAIpQLSdSSUG48QWy-VYDo_ztnVhwV4rv4PV1A9LBBtD1CXFlDqHOnw\/viewform\" data-saferedirecturl=\"https:\/\/www.google.com\/url?q=https:\/\/docs.google.com\/forms\/d\/e\/1FAIpQLSdSSUG48QWy-VYDo_ztnVhwV4rv4PV1A9LBBtD1CXFlDqHOnw\/viewform&amp;source=gmail&amp;ust=1547387530207000&amp;usg=AFQjCNHwAqATA8alxyXnXZbt0cRZRJJRaA\">Je m\u2019inscris<\/a><\/p>\n<hr \/>\n<p style=\"font-weight: 400;\"><span style=\"color: #800080;\"><strong><u>Les formations programm\u00e9es au 2nd trimestre \u00a0:<\/u><\/strong><\/span><\/p>\n<ul>\n<li style=\"font-weight: 400;\"><strong><u>Sur Metz\u00a0(<b>\u00e0 la Maison des sports, 3, place de la biblioth\u00e8que)<\/b>:<\/u><\/strong><\/li>\n<\/ul>\n<p style=\"font-weight: 400;\"><strong>Cr\u00e9er un emploi\u00a0<\/strong>le jeudi 04 avril de 19h00 \u00e0 21h00\u00a0:<strong>\u00a0<\/strong><a href=\"https:\/\/docs.google.com\/forms\/d\/e\/1FAIpQLSf5s9fsSTGxnRz32FpwwKozi1Efl8jLaZDftX5c7piVcMjXrA\/viewform\" data-saferedirecturl=\"https:\/\/www.google.com\/url?q=https:\/\/docs.google.com\/forms\/d\/e\/1FAIpQLSf5s9fsSTGxnRz32FpwwKozi1Efl8jLaZDftX5c7piVcMjXrA\/viewform&amp;source=gmail&amp;ust=1547387530207000&amp;usg=AFQjCNFOQKPD-BqfniKU3stDtw1-ohuVUw\">Je m\u2019inscris<\/a><\/p>\n<p style=\"font-weight: 400;\"><strong>Rechercher des partenaires priv\u00e9s\u00a0<\/strong>le jeudi 16 mai de 19h00 \u00e0 21h00\u00a0:\u00a0<a href=\"https:\/\/docs.google.com\/forms\/d\/e\/1FAIpQLSeMxQDbek4HM9RKJI7tyRv5cbBF2gR27b-LSsofBBrjG0N6iA\/viewform\" data-saferedirecturl=\"https:\/\/www.google.com\/url?q=https:\/\/docs.google.com\/forms\/d\/e\/1FAIpQLSeMxQDbek4HM9RKJI7tyRv5cbBF2gR27b-LSsofBBrjG0N6iA\/viewform&amp;source=gmail&amp;ust=1551469948506000&amp;usg=AFQjCNEBTvF8xxNF2q7H6MDATBAy8J9tYg\">Je m\u2019inscris<\/a><\/p>\n<p style=\"font-weight: 400;\"><strong>Le fonctionnement statutaire de mon association<\/strong>\u00a0le jeudi 23 mai de 19h00 \u00e0 21h00\u00a0:\u00a0<a href=\"https:\/\/docs.google.com\/forms\/d\/e\/1FAIpQLScwur-pkCAmD5WCZBZX0yT3I8VAk3zrSsWDgQAtr4JKnzdORg\/viewform\" data-saferedirecturl=\"https:\/\/www.google.com\/url?q=https:\/\/docs.google.com\/forms\/d\/e\/1FAIpQLScwur-pkCAmD5WCZBZX0yT3I8VAk3zrSsWDgQAtr4JKnzdORg\/viewform&amp;source=gmail&amp;ust=1551469948506000&amp;usg=AFQjCNHQ1vwpz8kWImgCTXO4-EHg0KUd7w\">Je m\u2019inscris<\/a><\/p>\n<p style=\"font-weight: 400;\"><strong>Sport et d\u00e9veloppement durable\u00a0<\/strong>le jeudi 06 juin de 19h00 \u00e0 21h00\u00a0:\u00a0<a href=\"https:\/\/docs.google.com\/forms\/d\/e\/1FAIpQLSfh82Fbr3rpySr8dWtrWOG3yqx-D4t8F1T5guOsNigb3vxJYQ\/viewform\" data-saferedirecturl=\"https:\/\/www.google.com\/url?q=https:\/\/docs.google.com\/forms\/d\/e\/1FAIpQLSfh82Fbr3rpySr8dWtrWOG3yqx-D4t8F1T5guOsNigb3vxJYQ\/viewform&amp;source=gmail&amp;ust=1551469948506000&amp;usg=AFQjCNFB7TQ-BZKGcBlsUqdbefqvjmmEhg\">Je m\u2019inscris<\/a><\/p>\n<ul>\n<li style=\"font-weight: 400;\"><strong><u>Sur Sarreguemines (<b>salle ASSO, sous-sol p\u00e9riscolaire, 6 Rue de la cit\u00e9)<\/b>:<\/u><\/strong><\/li>\n<\/ul>\n<p style=\"font-weight: 400;\"><strong>La connaissance des partenaires institutionnels<\/strong>\u00a0les lundis 11 mars et 01 avril de 19h00 \u00e0 21h00\u00a0:\u00a0\u00a0<a href=\"https:\/\/docs.google.com\/forms\/d\/e\/1FAIpQLSdSSUG48QWy-VYDo_ztnVhwV4rv4PV1A9LBBtD1CXFlDqHOnw\/viewform\" data-saferedirecturl=\"https:\/\/www.google.com\/url?q=https:\/\/docs.google.com\/forms\/d\/e\/1FAIpQLSdSSUG48QWy-VYDo_ztnVhwV4rv4PV1A9LBBtD1CXFlDqHOnw\/viewform&amp;source=gmail&amp;ust=1547387530207000&amp;usg=AFQjCNHwAqATA8alxyXnXZbt0cRZRJJRaA\">Je m\u2019inscris<\/a><\/p>\n<p><b>Le fonctionnement statutaire de mon association<\/b>\u00a0le\u00a0lundi 13 mai de 19h00 \u00e0 21h00 :\u00a0<a href=\"https:\/\/docs.google.com\/forms\/d\/e\/1FAIpQLSeAZ1AluTb0xKEM8iJxZI3a-07Gg-VDYZm4GjtHr94skUxemg\/viewform\" target=\"_blank\" rel=\"noopener\" data-saferedirecturl=\"https:\/\/www.google.com\/url?q=https:\/\/docs.google.com\/forms\/d\/e\/1FAIpQLSeAZ1AluTb0xKEM8iJxZI3a-07Gg-VDYZm4GjtHr94skUxemg\/viewform&amp;source=gmail&amp;ust=1551469948506000&amp;usg=AFQjCNHsyXsuFv7xX4W_9IlquvguWxPX1g\">Je m\u2019inscris<\/a><\/p>\n","protected":false},"excerpt":{"rendered":"<p>A l\u2019attention des dirigeants des associatives sportives de Moselle, C\u2019est avec plaisir que nous vous transmettons le programme des formations \u00e0 la gestion associative du CDOS 57 pour le 1er\u00a0semestre 2019. La nouveaut\u00e9 r\u00e9side dans le fait que le CDOS 57 ouvre\u00a0un centre de formation sur Sarreguemines,\u00a0situ\u00e9 6 Rue de la cit\u00e9 (sous-sol p\u00e9riscolaire, salle [&hellip;]<\/p>\n","protected":false},"author":4,"featured_media":2441,"comment_status":"open","ping_status":"open","sticky":false,"template":"","format":"standard","meta":{"footnotes":""},"categories":[3,9,25],"tags":[],"class_list":["post-2197","post","type-post","status-publish","format-standard","has-post-thumbnail","hentry","category-actions-developpement","category-benevolat","category-formations"],"blocksy_meta":[],"_links":{"self":[{"href":"https:\/\/moselle-triathlon.fr\/index.php\/wp-json\/wp\/v2\/posts\/2197","targetHints":{"allow":["GET"]}}],"collection":[{"href":"https:\/\/moselle-triathlon.fr\/index.php\/wp-json\/wp\/v2\/posts"}],"about":[{"href":"https:\/\/moselle-triathlon.fr\/index.php\/wp-json\/wp\/v2\/types\/post"}],"author":[{"embeddable":true,"href":"https:\/\/moselle-triathlon.fr\/index.php\/wp-json\/wp\/v2\/users\/4"}],"replies":[{"embeddable":true,"href":"https:\/\/moselle-triathlon.fr\/index.php\/wp-json\/wp\/v2\/comments?post=2197"}],"version-history":[{"count":0,"href":"https:\/\/moselle-triathlon.fr\/index.php\/wp-json\/wp\/v2\/posts\/2197\/revisions"}],"wp:featuredmedia":[{"embeddable":true,"href":"https:\/\/moselle-triathlon.fr\/index.php\/wp-json\/wp\/v2\/media\/2441"}],"wp:attachment":[{"href":"https:\/\/moselle-triathlon.fr\/index.php\/wp-json\/wp\/v2\/media?parent=2197"}],"wp:term":[{"taxonomy":"category","embeddable":true,"href":"https:\/\/moselle-triathlon.fr\/index.php\/wp-json\/wp\/v2\/categories?post=2197"},{"taxonomy":"post_tag","embeddable":true,"href":"https:\/\/moselle-triathlon.fr\/index.php\/wp-json\/wp\/v2\/tags?post=2197"}],"curies":[{"name":"wp","href":"https:\/\/api.w.org\/{rel}","templated":true}]}}