{"id":1842,"date":"2017-09-27T21:45:48","date_gmt":"2017-09-27T19:45:48","guid":{"rendered":"http:\/\/moselle-triathlon.fr\/?p=1842"},"modified":"2017-09-27T21:45:49","modified_gmt":"2017-09-27T19:45:49","slug":"formations-triathlon-bf4-bf5-2018","status":"publish","type":"post","link":"https:\/\/moselle-triathlon.fr\/index.php\/2017\/09\/27\/formations-triathlon-bf4-bf5-2018\/","title":{"rendered":"Formations Triathlon BF4 BF5 &#8211; 2018"},"content":{"rendered":"<p class=\"m_4087026411400773303MsoNoSpacing\">La fusion des Ligues Alsace, Champagne-Ardenne et Lorraine approche (17 mars 2018) et les actions communes se multiplient.<\/p>\n<p class=\"m_4087026411400773303MsoNoSpacing\">La formation fait partie d\u2019un des premiers projets avec la mise en place d\u2019une session <strong>BF4<\/strong> sur le Grand Est tout en ouvrant une possibilit\u00e9 aux personnes int\u00e9ress\u00e9es de passer un <strong>BF5 acc\u00e9l\u00e9r\u00e9 avant<\/strong> s\u2019ils ne sont pas encore possession du premier niveau de la certification f\u00e9d\u00e9rale.<br \/>\nLe <strong>BF5<\/strong> sera harmonis\u00e9 au niveau de l\u2019organisation des sessions sur l\u2019ensemble du territoire Grand Est de fa\u00e7on \u00e0 pouvoir offrir des possibilit\u00e9s de rattrapage sur un autre centre en cas d\u2019emp\u00eachement sur une journ\u00e9e.<\/p>\n<p class=\"m_4087026411400773303MsoNoSpacing\">Vous trouverez toutes le descriptif des diff\u00e9rentes formations ainsi que les liens pour vous y inscrire en t\u00e9l\u00e9chargement <a href=\"http:\/\/www.triathlonlorraine.com\/2017\/09\/13\/formation-bf5-bf4\/\" target=\"_blank\" rel=\"noopener\">sur le site de la Ligue Lorraine<\/a>.<u><\/u>\u00a0<u><\/u><\/p>\n<p>Pour la Lorraine, les dates pr\u00e9visionnelles pour les sessions de formation BF5 sont les 18\/19 nov 2017 et 03\/04 f\u00e9v 2018.<\/p>\n<p class=\"m_4087026411400773303MsoNoSpacing\">Maxime HUTTEAU, en charge du dossier, et les diff\u00e9rents salari\u00e9s des Ligues R\u00e9gionales restent \u00e0 votre disposition pour tous renseignements compl\u00e9mentaires<\/p>\n","protected":false},"excerpt":{"rendered":"<p>La fusion des Ligues Alsace, Champagne-Ardenne et Lorraine approche (17 mars 2018) et les actions communes se multiplient. La formation fait partie d\u2019un des premiers projets avec la mise en place d\u2019une session BF4 sur le Grand Est tout en ouvrant une possibilit\u00e9 aux personnes int\u00e9ress\u00e9es de passer un BF5 acc\u00e9l\u00e9r\u00e9 avant s\u2019ils ne sont [&hellip;]<\/p>\n","protected":false},"author":4,"featured_media":1168,"comment_status":"open","ping_status":"open","sticky":false,"template":"","format":"standard","meta":{"footnotes":""},"categories":[3,9,25],"tags":[],"class_list":["post-1842","post","type-post","status-publish","format-standard","has-post-thumbnail","hentry","category-actions-developpement","category-benevolat","category-formations"],"blocksy_meta":[],"_links":{"self":[{"href":"https:\/\/moselle-triathlon.fr\/index.php\/wp-json\/wp\/v2\/posts\/1842","targetHints":{"allow":["GET"]}}],"collection":[{"href":"https:\/\/moselle-triathlon.fr\/index.php\/wp-json\/wp\/v2\/posts"}],"about":[{"href":"https:\/\/moselle-triathlon.fr\/index.php\/wp-json\/wp\/v2\/types\/post"}],"author":[{"embeddable":true,"href":"https:\/\/moselle-triathlon.fr\/index.php\/wp-json\/wp\/v2\/users\/4"}],"replies":[{"embeddable":true,"href":"https:\/\/moselle-triathlon.fr\/index.php\/wp-json\/wp\/v2\/comments?post=1842"}],"version-history":[{"count":0,"href":"https:\/\/moselle-triathlon.fr\/index.php\/wp-json\/wp\/v2\/posts\/1842\/revisions"}],"wp:featuredmedia":[{"embeddable":true,"href":"https:\/\/moselle-triathlon.fr\/index.php\/wp-json\/wp\/v2\/media\/1168"}],"wp:attachment":[{"href":"https:\/\/moselle-triathlon.fr\/index.php\/wp-json\/wp\/v2\/media?parent=1842"}],"wp:term":[{"taxonomy":"category","embeddable":true,"href":"https:\/\/moselle-triathlon.fr\/index.php\/wp-json\/wp\/v2\/categories?post=1842"},{"taxonomy":"post_tag","embeddable":true,"href":"https:\/\/moselle-triathlon.fr\/index.php\/wp-json\/wp\/v2\/tags?post=1842"}],"curies":[{"name":"wp","href":"https:\/\/api.w.org\/{rel}","templated":true}]}}